{"id":1472,"date":"2025-01-20T23:24:44","date_gmt":"2025-01-20T23:24:44","guid":{"rendered":"https:\/jornada-de-turismo-sostenible-en-el-baix-emporda\/"},"modified":"2025-08-07T10:04:49","modified_gmt":"2025-08-07T10:04:49","slug":"jornada-de-turismo-sostenible-en-el-baix-emporda","status":"publish","type":"post","link":"https:\/\/carmevelez.com\/es\/jornada-de-turismo-sostenible-en-el-baix-emporda\/","title":{"rendered":"Jornada de Turismo Sostenible en el Baix Empord\u00e0"},"content":{"rendered":"\t\t<div data-elementor-type=\"wp-post\" data-elementor-id=\"1472\" class=\"elementor elementor-1472 elementor-329\" data-elementor-post-type=\"post\">\n\t\t\t\t\t\t<section class=\"elementor-section elementor-top-section elementor-element elementor-element-7ca4bfba elementor-section-boxed elementor-section-height-default elementor-section-height-default\" data-id=\"7ca4bfba\" data-element_type=\"section\" data-e-type=\"section\" data-settings=\"{&quot;shape_divider_bottom&quot;:&quot;tilt&quot;,&quot;background_background&quot;:&quot;gradient&quot;}\">\n\t\t\t\t\t\t\t<div class=\"elementor-background-overlay\"><\/div>\n\t\t\t\t\t\t<div class=\"elementor-shape elementor-shape-bottom\" aria-hidden=\"true\" data-negative=\"false\">\n\t\t\t<svg xmlns=\"http:\/\/www.w3.org\/2000\/svg\" viewBox=\"0 0 1000 100\" preserveAspectRatio=\"none\">\n\t<path class=\"elementor-shape-fill\" d=\"M0,6V0h1000v100L0,6z\"\/>\n<\/svg>\t\t<\/div>\n\t\t\t\t\t<div class=\"elementor-container elementor-column-gap-default\">\n\t\t\t\t\t<div class=\"elementor-column elementor-col-100 elementor-top-column elementor-element elementor-element-77c00a6a\" data-id=\"77c00a6a\" data-element_type=\"column\" data-e-type=\"column\" data-settings=\"{&quot;background_background&quot;:&quot;classic&quot;}\">\n\t\t\t<div class=\"elementor-widget-wrap elementor-element-populated\">\n\t\t\t\t\t\t<div class=\"elementor-element elementor-element-1ee63a6f elementor-widget__width-initial elementor-widget elementor-widget-heading\" data-id=\"1ee63a6f\" data-element_type=\"widget\" data-e-type=\"widget\" data-widget_type=\"heading.default\">\n\t\t\t\t<div class=\"elementor-widget-container\">\n\t\t\t\t\t<h1 class=\"elementor-heading-title elementor-size-default\">Jornada de Turismo Sostenible en el Baix Empord\u00e0<\/h1>\t\t\t\t<\/div>\n\t\t\t\t<\/div>\n\t\t\t\t\t<\/div>\n\t\t<\/div>\n\t\t\t\t\t<\/div>\n\t\t<\/section>\n\t\t\t\t<section class=\"elementor-section elementor-top-section elementor-element elementor-element-6ee6a042 elementor-reverse-tablet elementor-reverse-mobile elementor-section-boxed elementor-section-height-default elementor-section-height-default\" data-id=\"6ee6a042\" data-element_type=\"section\" data-e-type=\"section\" data-settings=\"{&quot;background_background&quot;:&quot;gradient&quot;,&quot;shape_divider_bottom&quot;:&quot;tilt&quot;}\">\n\t\t\t\t\t\t\t<div class=\"elementor-background-overlay\"><\/div>\n\t\t\t\t\t\t<div class=\"elementor-shape elementor-shape-bottom\" aria-hidden=\"true\" data-negative=\"false\">\n\t\t\t<svg xmlns=\"http:\/\/www.w3.org\/2000\/svg\" viewBox=\"0 0 1000 100\" preserveAspectRatio=\"none\">\n\t<path class=\"elementor-shape-fill\" d=\"M0,6V0h1000v100L0,6z\"\/>\n<\/svg>\t\t<\/div>\n\t\t\t\t\t<div class=\"elementor-container elementor-column-gap-default\">\n\t\t\t\t\t<div class=\"elementor-column elementor-col-100 elementor-top-column elementor-element elementor-element-76afa166\" data-id=\"76afa166\" data-element_type=\"column\" data-e-type=\"column\">\n\t\t\t<div class=\"elementor-widget-wrap elementor-element-populated\">\n\t\t\t\t\t\t<div class=\"elementor-element elementor-element-66ffb012 elementor-widget elementor-widget-image\" data-id=\"66ffb012\" data-element_type=\"widget\" data-e-type=\"widget\" data-widget_type=\"image.default\">\n\t\t\t\t<div class=\"elementor-widget-container\">\n\t\t\t\t\t\t\t\t\t\t\t\t\t\t\t<img decoding=\"async\" src=\"http:\/\/carmevelez.com\/wp-content\/uploads\/2025\/01\/cv-img-header-projecte-3-jornada-ts-baix-emporda.jpg\" title=\"\" alt=\"Panells solars projecte Baix Empord\u00e0\" loading=\"lazy\" \/>\t\t\t\t\t\t\t\t\t\t\t\t\t\t\t<\/div>\n\t\t\t\t<\/div>\n\t\t\t\t<section class=\"elementor-section elementor-inner-section elementor-element elementor-element-73ddd1f6 elementor-section-boxed elementor-section-height-default elementor-section-height-default\" data-id=\"73ddd1f6\" data-element_type=\"section\" data-e-type=\"section\">\n\t\t\t\t\t\t<div class=\"elementor-container elementor-column-gap-no\">\n\t\t\t\t\t<div class=\"elementor-column elementor-col-50 elementor-inner-column elementor-element elementor-element-7ba2361d jkit-sticky-element--enabled jkit-sticky-element-on--down jkit-sticky-position--sticky\" data-id=\"7ba2361d\" data-element_type=\"column\" data-e-type=\"column\" data-settings=\"{&quot;background_background&quot;:&quot;classic&quot;,&quot;jkit_sticky_device&quot;:[&quot;desktop&quot;,&quot;tablet&quot;],&quot;jkit_sticky_top_position&quot;:{&quot;unit&quot;:&quot;px&quot;,&quot;size&quot;:0,&quot;sizes&quot;:[]}}\">\n\t\t\t<div class=\"elementor-widget-wrap elementor-element-populated\">\n\t\t\t\t\t\t<div class=\"elementor-element elementor-element-53547131 elementor-widget elementor-widget-image\" data-id=\"53547131\" data-element_type=\"widget\" data-e-type=\"widget\" data-widget_type=\"image.default\">\n\t\t\t\t<div class=\"elementor-widget-container\">\n\t\t\t\t\t\t\t\t\t\t\t\t\t\t\t<img fetchpriority=\"high\" decoding=\"async\" width=\"456\" height=\"456\" src=\"https:\/\/carmevelez.com\/wp-content\/uploads\/2025\/08\/cv-img-logo-cc-baix-emporda.jpg\" class=\"attachment-large size-large wp-image-2290\" alt=\"\" srcset=\"https:\/\/carmevelez.com\/wp-content\/uploads\/2025\/08\/cv-img-logo-cc-baix-emporda.jpg 456w, https:\/\/carmevelez.com\/wp-content\/uploads\/2025\/08\/cv-img-logo-cc-baix-emporda-300x300.jpg 300w, https:\/\/carmevelez.com\/wp-content\/uploads\/2025\/08\/cv-img-logo-cc-baix-emporda-150x150.jpg 150w\" sizes=\"(max-width: 456px) 100vw, 456px\" \/>\t\t\t\t\t\t\t\t\t\t\t\t\t\t\t<\/div>\n\t\t\t\t<\/div>\n\t\t\t\t<div class=\"elementor-element elementor-element-74556f6 elementor-widget elementor-widget-heading\" data-id=\"74556f6\" data-element_type=\"widget\" data-e-type=\"widget\" data-widget_type=\"heading.default\">\n\t\t\t\t<div class=\"elementor-widget-container\">\n\t\t\t\t\t<h2 class=\"elementor-heading-title elementor-size-default\">Consejo Comarcal del Baix Empord\u00e0<\/h2>\t\t\t\t<\/div>\n\t\t\t\t<\/div>\n\t\t\t\t<div class=\"elementor-element elementor-element-2909773a elementor-widget-divider--view-line elementor-widget elementor-widget-divider\" data-id=\"2909773a\" data-element_type=\"widget\" data-e-type=\"widget\" data-widget_type=\"divider.default\">\n\t\t\t\t<div class=\"elementor-widget-container\">\n\t\t\t\t\t\t\t<div class=\"elementor-divider\">\n\t\t\t<span class=\"elementor-divider-separator\">\n\t\t\t\t\t\t<\/span>\n\t\t<\/div>\n\t\t\t\t\t\t<\/div>\n\t\t\t\t<\/div>\n\t\t<div class=\"elementor-element elementor-element-53fe596 e-flex e-con-boxed e-con e-parent\" data-id=\"53fe596\" data-element_type=\"container\" data-e-type=\"container\">\n\t\t\t\t\t<div class=\"e-con-inner\">\n\t\t<div class=\"elementor-element elementor-element-f4282f3 e-con-full e-flex e-con e-child\" data-id=\"f4282f3\" data-element_type=\"container\" data-e-type=\"container\">\n\t\t\t\t<div class=\"elementor-element elementor-element-5b30d5f elementor-widget elementor-widget-text-editor\" data-id=\"5b30d5f\" data-element_type=\"widget\" data-e-type=\"widget\" data-widget_type=\"text-editor.default\">\n\t\t\t\t<div class=\"elementor-widget-container\">\n\t\t\t\t\t\t\t\t\t<p>1a. Jornada de Turismo Sostenible en el Baix Empord\u00e0<\/p>\t\t\t\t\t\t\t\t<\/div>\n\t\t\t\t<\/div>\n\t\t\t\t<\/div>\n\t\t<div class=\"elementor-element elementor-element-92fc9de e-con-full e-flex e-con e-child\" data-id=\"92fc9de\" data-element_type=\"container\" data-e-type=\"container\">\n\t\t\t\t<div class=\"elementor-element elementor-element-2e84630 elementor-widget elementor-widget-text-editor\" data-id=\"2e84630\" data-element_type=\"widget\" data-e-type=\"widget\" data-widget_type=\"text-editor.default\">\n\t\t\t\t<div class=\"elementor-widget-container\">\n\t\t\t\t\t\t\t\t\tParticipantes del sector p\u00fablico y privado\t\t\t\t\t\t\t\t<\/div>\n\t\t\t\t<\/div>\n\t\t\t\t<div class=\"elementor-element elementor-element-6f9a09a elementor-widget elementor-widget-text-editor\" data-id=\"6f9a09a\" data-element_type=\"widget\" data-e-type=\"widget\" data-widget_type=\"text-editor.default\">\n\t\t\t\t<div class=\"elementor-widget-container\">\n\t\t\t\t\t\t\t\t\t<p>+50<\/p>\t\t\t\t\t\t\t\t<\/div>\n\t\t\t\t<\/div>\n\t\t\t\t<\/div>\n\t\t\t\t\t<\/div>\n\t\t\t\t<\/div>\n\t\t\t\t\t<\/div>\n\t\t<\/div>\n\t\t\t\t<div class=\"elementor-column elementor-col-50 elementor-inner-column elementor-element elementor-element-60383439\" data-id=\"60383439\" data-element_type=\"column\" data-e-type=\"column\">\n\t\t\t<div class=\"elementor-widget-wrap elementor-element-populated\">\n\t\t\t\t\t\t<div class=\"elementor-element elementor-element-2158eafd elementor-widget elementor-widget-heading\" data-id=\"2158eafd\" data-element_type=\"widget\" data-e-type=\"widget\" data-widget_type=\"heading.default\">\n\t\t\t\t<div class=\"elementor-widget-container\">\n\t\t\t\t\t<h2 class=\"elementor-heading-title elementor-size-default\">Punto de partida<\/h2>\t\t\t\t<\/div>\n\t\t\t\t<\/div>\n\t\t\t\t<div class=\"elementor-element elementor-element-7eaee21c elementor-widget elementor-widget-text-editor\" data-id=\"7eaee21c\" data-element_type=\"widget\" data-e-type=\"widget\" data-widget_type=\"text-editor.default\">\n\t\t\t\t<div class=\"elementor-widget-container\">\n\t\t\t\t\t\t\t\t\t<p><span style=\"font-weight: 400;\">Con el objetivo de plantear retos y soluciones para avanzar hacia un cambio de modelo tur\u00edstico del territorio, m\u00e1s responsable con el medio ambiente y m\u00e1s provechoso a nivel econ\u00f3mico y social, el Consejo Comarcal de El Baix Empord\u00e0, organiza esta sesi\u00f3n de debate y reflexi\u00f3n.<\/span><\/p>\t\t\t\t\t\t\t\t<\/div>\n\t\t\t\t<\/div>\n\t\t\t\t<section class=\"elementor-section elementor-inner-section elementor-element elementor-element-7897b28f elementor-section-boxed elementor-section-height-default elementor-section-height-default\" data-id=\"7897b28f\" data-element_type=\"section\" data-e-type=\"section\">\n\t\t\t\t\t\t<div class=\"elementor-container elementor-column-gap-no\">\n\t\t\t\t\t<div class=\"elementor-column elementor-col-100 elementor-inner-column elementor-element elementor-element-49d7f81a\" data-id=\"49d7f81a\" data-element_type=\"column\" data-e-type=\"column\">\n\t\t\t<div class=\"elementor-widget-wrap elementor-element-populated\">\n\t\t\t\t\t\t<div class=\"elementor-element elementor-element-44215f79 elementor-widget elementor-widget-heading\" data-id=\"44215f79\" data-element_type=\"widget\" data-e-type=\"widget\" data-widget_type=\"heading.default\">\n\t\t\t\t<div class=\"elementor-widget-container\">\n\t\t\t\t\t<h1 class=\"elementor-heading-title elementor-size-default\">Acciones<\/h1>\t\t\t\t<\/div>\n\t\t\t\t<\/div>\n\t\t\t\t<div class=\"elementor-element elementor-element-22703a10 elementor-widget elementor-widget-text-editor\" data-id=\"22703a10\" data-element_type=\"widget\" data-e-type=\"widget\" data-widget_type=\"text-editor.default\">\n\t\t\t\t<div class=\"elementor-widget-container\">\n\t\t\t\t\t\t\t\t\t<ol><li style=\"font-weight: 400;\" aria-level=\"1\"><span style=\"font-weight: 400;\">Participaci\u00f3n con la ponencia \u201cCertificaciones de sostenibilidad. \u00bfPara qu\u00e9 me sirven?\u201d.<\/span><\/li><li style=\"font-weight: 400;\" aria-level=\"1\"><span style=\"font-weight: 400;\">Participaci\u00f3n en la mesa redonda \u201cTurismo Sostenible en el Baix Empord\u00e0\u201d.  <\/span><\/li><\/ol>\t\t\t\t\t\t\t\t<\/div>\n\t\t\t\t<\/div>\n\t\t\t\t\t<\/div>\n\t\t<\/div>\n\t\t\t\t\t<\/div>\n\t\t<\/section>\n\t\t\t\t<div class=\"elementor-element elementor-element-69100d6f elementor-widget elementor-widget-heading\" data-id=\"69100d6f\" data-element_type=\"widget\" data-e-type=\"widget\" data-widget_type=\"heading.default\">\n\t\t\t\t<div class=\"elementor-widget-container\">\n\t\t\t\t\t<h2 class=\"elementor-heading-title elementor-size-default\">Resultados<\/h2>\t\t\t\t<\/div>\n\t\t\t\t<\/div>\n\t\t\t\t<div class=\"elementor-element elementor-element-601f20e5 elementor-widget elementor-widget-text-editor\" data-id=\"601f20e5\" data-element_type=\"widget\" data-e-type=\"widget\" data-widget_type=\"text-editor.default\">\n\t\t\t\t<div class=\"elementor-widget-container\">\n\t\t\t\t\t\t\t\t\t<p><span style=\"font-weight: 400;\">En el marco de una jornada en la que se trataron temas como el cambio clim\u00e1tico, la transici\u00f3n energ\u00e9tica, el consumo de agua, la movilidad y la sostenibilidad empresarial, hago una reflexi\u00f3n sobre la utilidad y las ventajas de adherirse a una certificaci\u00f3n de sostenibilidad, \u00e1mbitos de trabajo y proceso de mejora continua.<\/span><\/p>\t\t\t\t\t\t\t\t<\/div>\n\t\t\t\t<\/div>\n\t\t\t\t<div class=\"elementor-element elementor-element-312fd92b elementor-widget elementor-widget-image\" data-id=\"312fd92b\" data-element_type=\"widget\" data-e-type=\"widget\" data-widget_type=\"image.default\">\n\t\t\t\t<div class=\"elementor-widget-container\">\n\t\t\t\t\t\t\t\t\t\t\t\t\t\t\t<img decoding=\"async\" width=\"900\" height=\"506\" src=\"https:\/\/carmevelez.com\/wp-content\/uploads\/2025\/01\/PPTCertificacions-1.jpg\" class=\"attachment-full size-full wp-image-1361\" alt=\"\" srcset=\"https:\/\/carmevelez.com\/wp-content\/uploads\/2025\/01\/PPTCertificacions-1.jpg 900w, https:\/\/carmevelez.com\/wp-content\/uploads\/2025\/01\/PPTCertificacions-1-300x169.jpg 300w, https:\/\/carmevelez.com\/wp-content\/uploads\/2025\/01\/PPTCertificacions-1-768x432.jpg 768w\" sizes=\"(max-width: 900px) 100vw, 900px\" \/>\t\t\t\t\t\t\t\t\t\t\t\t\t\t\t<\/div>\n\t\t\t\t<\/div>\n\t\t\t\t<div class=\"elementor-element elementor-element-6cdf0fe elementor-widget elementor-widget-text-editor\" data-id=\"6cdf0fe\" data-element_type=\"widget\" data-e-type=\"widget\" data-widget_type=\"text-editor.default\">\n\t\t\t\t<div class=\"elementor-widget-container\">\n\t\t\t\t\t\t\t\t\t<p><span style=\"font-weight: 400;\">Fotograf\u00eda en c\u00edrculo: \u00a9 Noem\u00ed Galera (CC BY 2.0).<\/span><\/p>\t\t\t\t\t\t\t\t<\/div>\n\t\t\t\t<\/div>\n\t\t\t\t\t<\/div>\n\t\t<\/div>\n\t\t\t\t\t<\/div>\n\t\t<\/section>\n\t\t\t\t\t<\/div>\n\t\t<\/div>\n\t\t\t\t\t<\/div>\n\t\t<\/section>\n\t\t\t\t<\/div>\n\t\t","protected":false},"excerpt":{"rendered":"<p>Con el objetivo de plantear retos y soluciones para avanzar hacia un cambio de modelo tur\u00edstico del territorio, m\u00e1s responsable con el medio ambiente y m\u00e1s provechoso a nivel econ\u00f3mico y social, el Consejo Comarcal de El Baix Empord\u00e0, organiza esta sesi\u00f3n de debate y reflexi\u00f3n.<\/p>\n","protected":false},"author":3,"featured_media":1598,"comment_status":"closed","ping_status":"open","sticky":false,"template":"","format":"standard","meta":{"footnotes":""},"categories":[31,21],"tags":[49],"class_list":["post-1472","post","type-post","status-publish","format-standard","has-post-thumbnail","hentry","category-empresas","category-formacio-i-ponencies","tag-consejo-comarcal-del-baix-emporda"],"yoast_head":"<!-- This site is optimized with the Yoast SEO plugin v27.4 - https:\/\/yoast.com\/product\/yoast-seo-wordpress\/ -->\n<title>Jornada de Turismo Sostenible en el Baix Empord\u00e0 - Carme Velez<\/title>\n<meta name=\"robots\" content=\"index, follow, max-snippet:-1, max-image-preview:large, max-video-preview:-1\" \/>\n<link rel=\"canonical\" href=\"https:\/\/carmevelez.com\/es\/jornada-de-turismo-sostenible-en-el-baix-emporda\/\" \/>\n<meta property=\"og:locale\" content=\"es_ES\" \/>\n<meta property=\"og:type\" content=\"article\" \/>\n<meta property=\"og:title\" content=\"Jornada de Turismo Sostenible en el Baix Empord\u00e0 - Carme Velez\" \/>\n<meta property=\"og:description\" content=\"Con el objetivo de plantear retos y soluciones para avanzar hacia un cambio de modelo tur\u00edstico del territorio, m\u00e1s responsable con el medio ambiente y m\u00e1s provechoso a nivel econ\u00f3mico y social, el Consejo Comarcal de El Baix Empord\u00e0, organiza esta sesi\u00f3n de debate y reflexi\u00f3n.\" \/>\n<meta property=\"og:url\" content=\"https:\/\/carmevelez.com\/es\/jornada-de-turismo-sostenible-en-el-baix-emporda\/\" \/>\n<meta property=\"og:site_name\" content=\"Carme Velez\" \/>\n<meta property=\"article:published_time\" content=\"2025-01-20T23:24:44+00:00\" \/>\n<meta property=\"article:modified_time\" content=\"2025-08-07T10:04:49+00:00\" \/>\n<meta property=\"og:image\" content=\"https:\/\/carmevelez.com\/wp-content\/uploads\/2025\/02\/cv-img-header-projecte-3-jornada-ts-baix-emporda-02.jpg\" \/>\n\t<meta property=\"og:image:width\" content=\"1920\" \/>\n\t<meta property=\"og:image:height\" content=\"1282\" \/>\n\t<meta property=\"og:image:type\" content=\"image\/jpeg\" \/>\n<meta name=\"author\" content=\"dani\" \/>\n<meta name=\"twitter:card\" content=\"summary_large_image\" \/>\n<meta name=\"twitter:label1\" content=\"Escrito por\" \/>\n\t<meta name=\"twitter:data1\" content=\"dani\" \/>\n\t<meta name=\"twitter:label2\" content=\"Tiempo de lectura\" \/>\n\t<meta name=\"twitter:data2\" content=\"1 minuto\" \/>\n<script type=\"application\/ld+json\" class=\"yoast-schema-graph\">{\"@context\":\"https:\\\/\\\/schema.org\",\"@graph\":[{\"@type\":\"Article\",\"@id\":\"https:\\\/\\\/carmevelez.com\\\/es\\\/jornada-de-turismo-sostenible-en-el-baix-emporda\\\/#article\",\"isPartOf\":{\"@id\":\"https:\\\/\\\/carmevelez.com\\\/es\\\/jornada-de-turismo-sostenible-en-el-baix-emporda\\\/\"},\"author\":{\"name\":\"dani\",\"@id\":\"https:\\\/\\\/carmevelez.com\\\/es\\\/#\\\/schema\\\/person\\\/40fbfdf4a6250c1fb8b46b52c001b0eb\"},\"headline\":\"Jornada de Turismo Sostenible en el Baix Empord\u00e0\",\"datePublished\":\"2025-01-20T23:24:44+00:00\",\"dateModified\":\"2025-08-07T10:04:49+00:00\",\"mainEntityOfPage\":{\"@id\":\"https:\\\/\\\/carmevelez.com\\\/es\\\/jornada-de-turismo-sostenible-en-el-baix-emporda\\\/\"},\"wordCount\":185,\"image\":{\"@id\":\"https:\\\/\\\/carmevelez.com\\\/es\\\/jornada-de-turismo-sostenible-en-el-baix-emporda\\\/#primaryimage\"},\"thumbnailUrl\":\"https:\\\/\\\/carmevelez.com\\\/wp-content\\\/uploads\\\/2025\\\/02\\\/cv-img-header-projecte-3-jornada-ts-baix-emporda-02.jpg\",\"keywords\":[\"Consejo Comarcal del Baix Empord\u00e0\"],\"articleSection\":[\"Empresas\",\"Formaci\u00f3 i pon\u00e8ncies\"],\"inLanguage\":\"es\"},{\"@type\":\"WebPage\",\"@id\":\"https:\\\/\\\/carmevelez.com\\\/es\\\/jornada-de-turismo-sostenible-en-el-baix-emporda\\\/\",\"url\":\"https:\\\/\\\/carmevelez.com\\\/es\\\/jornada-de-turismo-sostenible-en-el-baix-emporda\\\/\",\"name\":\"Jornada de Turismo Sostenible en el Baix Empord\u00e0 - Carme Velez\",\"isPartOf\":{\"@id\":\"https:\\\/\\\/carmevelez.com\\\/es\\\/#website\"},\"primaryImageOfPage\":{\"@id\":\"https:\\\/\\\/carmevelez.com\\\/es\\\/jornada-de-turismo-sostenible-en-el-baix-emporda\\\/#primaryimage\"},\"image\":{\"@id\":\"https:\\\/\\\/carmevelez.com\\\/es\\\/jornada-de-turismo-sostenible-en-el-baix-emporda\\\/#primaryimage\"},\"thumbnailUrl\":\"https:\\\/\\\/carmevelez.com\\\/wp-content\\\/uploads\\\/2025\\\/02\\\/cv-img-header-projecte-3-jornada-ts-baix-emporda-02.jpg\",\"datePublished\":\"2025-01-20T23:24:44+00:00\",\"dateModified\":\"2025-08-07T10:04:49+00:00\",\"author\":{\"@id\":\"https:\\\/\\\/carmevelez.com\\\/es\\\/#\\\/schema\\\/person\\\/40fbfdf4a6250c1fb8b46b52c001b0eb\"},\"breadcrumb\":{\"@id\":\"https:\\\/\\\/carmevelez.com\\\/es\\\/jornada-de-turismo-sostenible-en-el-baix-emporda\\\/#breadcrumb\"},\"inLanguage\":\"es\",\"potentialAction\":[{\"@type\":\"ReadAction\",\"target\":[\"https:\\\/\\\/carmevelez.com\\\/es\\\/jornada-de-turismo-sostenible-en-el-baix-emporda\\\/\"]}]},{\"@type\":\"ImageObject\",\"inLanguage\":\"es\",\"@id\":\"https:\\\/\\\/carmevelez.com\\\/es\\\/jornada-de-turismo-sostenible-en-el-baix-emporda\\\/#primaryimage\",\"url\":\"https:\\\/\\\/carmevelez.com\\\/wp-content\\\/uploads\\\/2025\\\/02\\\/cv-img-header-projecte-3-jornada-ts-baix-emporda-02.jpg\",\"contentUrl\":\"https:\\\/\\\/carmevelez.com\\\/wp-content\\\/uploads\\\/2025\\\/02\\\/cv-img-header-projecte-3-jornada-ts-baix-emporda-02.jpg\",\"width\":1920,\"height\":1282},{\"@type\":\"BreadcrumbList\",\"@id\":\"https:\\\/\\\/carmevelez.com\\\/es\\\/jornada-de-turismo-sostenible-en-el-baix-emporda\\\/#breadcrumb\",\"itemListElement\":[{\"@type\":\"ListItem\",\"position\":1,\"name\":\"Inici\",\"item\":\"https:\\\/\\\/carmevelez.com\\\/es\\\/\"},{\"@type\":\"ListItem\",\"position\":2,\"name\":\"Jornada de Turismo Sostenible en el Baix Empord\u00e0\"}]},{\"@type\":\"WebSite\",\"@id\":\"https:\\\/\\\/carmevelez.com\\\/es\\\/#website\",\"url\":\"https:\\\/\\\/carmevelez.com\\\/es\\\/\",\"name\":\"Carme Velez\",\"description\":\"\",\"potentialAction\":[{\"@type\":\"SearchAction\",\"target\":{\"@type\":\"EntryPoint\",\"urlTemplate\":\"https:\\\/\\\/carmevelez.com\\\/es\\\/?s={search_term_string}\"},\"query-input\":{\"@type\":\"PropertyValueSpecification\",\"valueRequired\":true,\"valueName\":\"search_term_string\"}}],\"inLanguage\":\"es\"},{\"@type\":\"Person\",\"@id\":\"https:\\\/\\\/carmevelez.com\\\/es\\\/#\\\/schema\\\/person\\\/40fbfdf4a6250c1fb8b46b52c001b0eb\",\"name\":\"dani\",\"image\":{\"@type\":\"ImageObject\",\"inLanguage\":\"es\",\"@id\":\"https:\\\/\\\/secure.gravatar.com\\\/avatar\\\/753ceb1cc341e710adbcb76a8627f7e8b6c2938006f1f044ba4acbb13bce4912?s=96&d=mm&r=g\",\"url\":\"https:\\\/\\\/secure.gravatar.com\\\/avatar\\\/753ceb1cc341e710adbcb76a8627f7e8b6c2938006f1f044ba4acbb13bce4912?s=96&d=mm&r=g\",\"contentUrl\":\"https:\\\/\\\/secure.gravatar.com\\\/avatar\\\/753ceb1cc341e710adbcb76a8627f7e8b6c2938006f1f044ba4acbb13bce4912?s=96&d=mm&r=g\",\"caption\":\"dani\"},\"url\":\"https:\\\/\\\/carmevelez.com\\\/es\\\/author\\\/dani\\\/\"}]}<\/script>\n<!-- \/ Yoast SEO plugin. -->","yoast_head_json":{"title":"Jornada de Turismo Sostenible en el Baix Empord\u00e0 - Carme Velez","robots":{"index":"index","follow":"follow","max-snippet":"max-snippet:-1","max-image-preview":"max-image-preview:large","max-video-preview":"max-video-preview:-1"},"canonical":"https:\/\/carmevelez.com\/es\/jornada-de-turismo-sostenible-en-el-baix-emporda\/","og_locale":"es_ES","og_type":"article","og_title":"Jornada de Turismo Sostenible en el Baix Empord\u00e0 - Carme Velez","og_description":"Con el objetivo de plantear retos y soluciones para avanzar hacia un cambio de modelo tur\u00edstico del territorio, m\u00e1s responsable con el medio ambiente y m\u00e1s provechoso a nivel econ\u00f3mico y social, el Consejo Comarcal de El Baix Empord\u00e0, organiza esta sesi\u00f3n de debate y reflexi\u00f3n.","og_url":"https:\/\/carmevelez.com\/es\/jornada-de-turismo-sostenible-en-el-baix-emporda\/","og_site_name":"Carme Velez","article_published_time":"2025-01-20T23:24:44+00:00","article_modified_time":"2025-08-07T10:04:49+00:00","og_image":[{"width":1920,"height":1282,"url":"https:\/\/carmevelez.com\/wp-content\/uploads\/2025\/02\/cv-img-header-projecte-3-jornada-ts-baix-emporda-02.jpg","type":"image\/jpeg"}],"author":"dani","twitter_card":"summary_large_image","twitter_misc":{"Escrito por":"dani","Tiempo de lectura":"1 minuto"},"schema":{"@context":"https:\/\/schema.org","@graph":[{"@type":"Article","@id":"https:\/\/carmevelez.com\/es\/jornada-de-turismo-sostenible-en-el-baix-emporda\/#article","isPartOf":{"@id":"https:\/\/carmevelez.com\/es\/jornada-de-turismo-sostenible-en-el-baix-emporda\/"},"author":{"name":"dani","@id":"https:\/\/carmevelez.com\/es\/#\/schema\/person\/40fbfdf4a6250c1fb8b46b52c001b0eb"},"headline":"Jornada de Turismo Sostenible en el Baix Empord\u00e0","datePublished":"2025-01-20T23:24:44+00:00","dateModified":"2025-08-07T10:04:49+00:00","mainEntityOfPage":{"@id":"https:\/\/carmevelez.com\/es\/jornada-de-turismo-sostenible-en-el-baix-emporda\/"},"wordCount":185,"image":{"@id":"https:\/\/carmevelez.com\/es\/jornada-de-turismo-sostenible-en-el-baix-emporda\/#primaryimage"},"thumbnailUrl":"https:\/\/carmevelez.com\/wp-content\/uploads\/2025\/02\/cv-img-header-projecte-3-jornada-ts-baix-emporda-02.jpg","keywords":["Consejo Comarcal del Baix Empord\u00e0"],"articleSection":["Empresas","Formaci\u00f3 i pon\u00e8ncies"],"inLanguage":"es"},{"@type":"WebPage","@id":"https:\/\/carmevelez.com\/es\/jornada-de-turismo-sostenible-en-el-baix-emporda\/","url":"https:\/\/carmevelez.com\/es\/jornada-de-turismo-sostenible-en-el-baix-emporda\/","name":"Jornada de Turismo Sostenible en el Baix Empord\u00e0 - Carme Velez","isPartOf":{"@id":"https:\/\/carmevelez.com\/es\/#website"},"primaryImageOfPage":{"@id":"https:\/\/carmevelez.com\/es\/jornada-de-turismo-sostenible-en-el-baix-emporda\/#primaryimage"},"image":{"@id":"https:\/\/carmevelez.com\/es\/jornada-de-turismo-sostenible-en-el-baix-emporda\/#primaryimage"},"thumbnailUrl":"https:\/\/carmevelez.com\/wp-content\/uploads\/2025\/02\/cv-img-header-projecte-3-jornada-ts-baix-emporda-02.jpg","datePublished":"2025-01-20T23:24:44+00:00","dateModified":"2025-08-07T10:04:49+00:00","author":{"@id":"https:\/\/carmevelez.com\/es\/#\/schema\/person\/40fbfdf4a6250c1fb8b46b52c001b0eb"},"breadcrumb":{"@id":"https:\/\/carmevelez.com\/es\/jornada-de-turismo-sostenible-en-el-baix-emporda\/#breadcrumb"},"inLanguage":"es","potentialAction":[{"@type":"ReadAction","target":["https:\/\/carmevelez.com\/es\/jornada-de-turismo-sostenible-en-el-baix-emporda\/"]}]},{"@type":"ImageObject","inLanguage":"es","@id":"https:\/\/carmevelez.com\/es\/jornada-de-turismo-sostenible-en-el-baix-emporda\/#primaryimage","url":"https:\/\/carmevelez.com\/wp-content\/uploads\/2025\/02\/cv-img-header-projecte-3-jornada-ts-baix-emporda-02.jpg","contentUrl":"https:\/\/carmevelez.com\/wp-content\/uploads\/2025\/02\/cv-img-header-projecte-3-jornada-ts-baix-emporda-02.jpg","width":1920,"height":1282},{"@type":"BreadcrumbList","@id":"https:\/\/carmevelez.com\/es\/jornada-de-turismo-sostenible-en-el-baix-emporda\/#breadcrumb","itemListElement":[{"@type":"ListItem","position":1,"name":"Inici","item":"https:\/\/carmevelez.com\/es\/"},{"@type":"ListItem","position":2,"name":"Jornada de Turismo Sostenible en el Baix Empord\u00e0"}]},{"@type":"WebSite","@id":"https:\/\/carmevelez.com\/es\/#website","url":"https:\/\/carmevelez.com\/es\/","name":"Carme Velez","description":"","potentialAction":[{"@type":"SearchAction","target":{"@type":"EntryPoint","urlTemplate":"https:\/\/carmevelez.com\/es\/?s={search_term_string}"},"query-input":{"@type":"PropertyValueSpecification","valueRequired":true,"valueName":"search_term_string"}}],"inLanguage":"es"},{"@type":"Person","@id":"https:\/\/carmevelez.com\/es\/#\/schema\/person\/40fbfdf4a6250c1fb8b46b52c001b0eb","name":"dani","image":{"@type":"ImageObject","inLanguage":"es","@id":"https:\/\/secure.gravatar.com\/avatar\/753ceb1cc341e710adbcb76a8627f7e8b6c2938006f1f044ba4acbb13bce4912?s=96&d=mm&r=g","url":"https:\/\/secure.gravatar.com\/avatar\/753ceb1cc341e710adbcb76a8627f7e8b6c2938006f1f044ba4acbb13bce4912?s=96&d=mm&r=g","contentUrl":"https:\/\/secure.gravatar.com\/avatar\/753ceb1cc341e710adbcb76a8627f7e8b6c2938006f1f044ba4acbb13bce4912?s=96&d=mm&r=g","caption":"dani"},"url":"https:\/\/carmevelez.com\/es\/author\/dani\/"}]}},"_links":{"self":[{"href":"https:\/\/carmevelez.com\/es\/wp-json\/wp\/v2\/posts\/1472","targetHints":{"allow":["GET"]}}],"collection":[{"href":"https:\/\/carmevelez.com\/es\/wp-json\/wp\/v2\/posts"}],"about":[{"href":"https:\/\/carmevelez.com\/es\/wp-json\/wp\/v2\/types\/post"}],"author":[{"embeddable":true,"href":"https:\/\/carmevelez.com\/es\/wp-json\/wp\/v2\/users\/3"}],"replies":[{"embeddable":true,"href":"https:\/\/carmevelez.com\/es\/wp-json\/wp\/v2\/comments?post=1472"}],"version-history":[{"count":7,"href":"https:\/\/carmevelez.com\/es\/wp-json\/wp\/v2\/posts\/1472\/revisions"}],"predecessor-version":[{"id":2304,"href":"https:\/\/carmevelez.com\/es\/wp-json\/wp\/v2\/posts\/1472\/revisions\/2304"}],"wp:featuredmedia":[{"embeddable":true,"href":"https:\/\/carmevelez.com\/es\/wp-json\/wp\/v2\/media\/1598"}],"wp:attachment":[{"href":"https:\/\/carmevelez.com\/es\/wp-json\/wp\/v2\/media?parent=1472"}],"wp:term":[{"taxonomy":"category","embeddable":true,"href":"https:\/\/carmevelez.com\/es\/wp-json\/wp\/v2\/categories?post=1472"},{"taxonomy":"post_tag","embeddable":true,"href":"https:\/\/carmevelez.com\/es\/wp-json\/wp\/v2\/tags?post=1472"}],"curies":[{"name":"wp","href":"https:\/\/api.w.org\/{rel}","templated":true}]}}