{"id":1473,"date":"2025-01-20T23:24:03","date_gmt":"2025-01-20T23:24:03","guid":{"rendered":"https:\/estrategia-de-turismo-sostenible-cets-en-el-parque-natural-de-la-zona-volcanica-de-la-garrotxa\/"},"modified":"2025-08-07T10:06:03","modified_gmt":"2025-08-07T10:06:03","slug":"estrategia-de-turismo-sostenible-cets-en-el-parque-natural-de-la-zona-volcanica-de-la-garrotxa","status":"publish","type":"post","link":"https:\/\/carmevelez.com\/es\/estrategia-de-turismo-sostenible-cets-en-el-parque-natural-de-la-zona-volcanica-de-la-garrotxa\/","title":{"rendered":"Estrategia de Turismo Sostenible CETS en el Parque Natural de la Zona Volc\u00e1nica de la Garrotxa"},"content":{"rendered":"\t\t<div data-elementor-type=\"wp-post\" data-elementor-id=\"1473\" class=\"elementor elementor-1473 elementor-328\" data-elementor-post-type=\"post\">\n\t\t\t\t\t\t<section class=\"elementor-section elementor-top-section elementor-element elementor-element-322b17cf elementor-section-boxed elementor-section-height-default elementor-section-height-default\" data-id=\"322b17cf\" data-element_type=\"section\" data-e-type=\"section\" data-settings=\"{&quot;shape_divider_bottom&quot;:&quot;tilt&quot;,&quot;background_background&quot;:&quot;gradient&quot;}\">\n\t\t\t\t\t\t\t<div class=\"elementor-background-overlay\"><\/div>\n\t\t\t\t\t\t<div class=\"elementor-shape elementor-shape-bottom\" aria-hidden=\"true\" data-negative=\"false\">\n\t\t\t<svg xmlns=\"http:\/\/www.w3.org\/2000\/svg\" viewBox=\"0 0 1000 100\" preserveAspectRatio=\"none\">\n\t<path class=\"elementor-shape-fill\" d=\"M0,6V0h1000v100L0,6z\"\/>\n<\/svg>\t\t<\/div>\n\t\t\t\t\t<div class=\"elementor-container elementor-column-gap-default\">\n\t\t\t\t\t<div class=\"elementor-column elementor-col-100 elementor-top-column elementor-element elementor-element-60c5ff4a\" data-id=\"60c5ff4a\" data-element_type=\"column\" data-e-type=\"column\" data-settings=\"{&quot;background_background&quot;:&quot;classic&quot;}\">\n\t\t\t<div class=\"elementor-widget-wrap elementor-element-populated\">\n\t\t\t\t\t\t<div class=\"elementor-element elementor-element-5eaf02c9 elementor-widget__width-initial elementor-widget elementor-widget-heading\" data-id=\"5eaf02c9\" data-element_type=\"widget\" data-e-type=\"widget\" data-widget_type=\"heading.default\">\n\t\t\t\t<div class=\"elementor-widget-container\">\n\t\t\t\t\t<h1 class=\"elementor-heading-title elementor-size-default\">Estrategia de Turismo Sostenible CETS en el Parque Natural de la Zona Volc\u00e1nica de la Garrotxa\n<\/h1>\t\t\t\t<\/div>\n\t\t\t\t<\/div>\n\t\t\t\t\t<\/div>\n\t\t<\/div>\n\t\t\t\t\t<\/div>\n\t\t<\/section>\n\t\t\t\t<section class=\"elementor-section elementor-top-section elementor-element elementor-element-408bc6e7 elementor-reverse-tablet elementor-reverse-mobile elementor-section-boxed elementor-section-height-default elementor-section-height-default\" data-id=\"408bc6e7\" data-element_type=\"section\" data-e-type=\"section\" data-settings=\"{&quot;background_background&quot;:&quot;gradient&quot;,&quot;shape_divider_bottom&quot;:&quot;tilt&quot;}\">\n\t\t\t\t\t\t\t<div class=\"elementor-background-overlay\"><\/div>\n\t\t\t\t\t\t<div class=\"elementor-shape elementor-shape-bottom\" aria-hidden=\"true\" data-negative=\"false\">\n\t\t\t<svg xmlns=\"http:\/\/www.w3.org\/2000\/svg\" viewBox=\"0 0 1000 100\" preserveAspectRatio=\"none\">\n\t<path class=\"elementor-shape-fill\" d=\"M0,6V0h1000v100L0,6z\"\/>\n<\/svg>\t\t<\/div>\n\t\t\t\t\t<div class=\"elementor-container elementor-column-gap-default\">\n\t\t\t\t\t<div class=\"elementor-column elementor-col-100 elementor-top-column elementor-element elementor-element-3a7f3ea2\" data-id=\"3a7f3ea2\" data-element_type=\"column\" data-e-type=\"column\">\n\t\t\t<div class=\"elementor-widget-wrap elementor-element-populated\">\n\t\t\t\t\t\t<div class=\"elementor-element elementor-element-27fdd106 elementor-widget elementor-widget-image\" data-id=\"27fdd106\" data-element_type=\"widget\" data-e-type=\"widget\" data-widget_type=\"image.default\">\n\t\t\t\t<div class=\"elementor-widget-container\">\n\t\t\t\t\t\t\t\t\t\t\t\t\t\t\t<img decoding=\"async\" src=\"http:\/\/carmevelez.com\/wp-content\/uploads\/2025\/01\/cv-img-header-projecte-2-pnzvg.jpg\" title=\"\" alt=\"\" loading=\"lazy\" \/>\t\t\t\t\t\t\t\t\t\t\t\t\t\t\t<\/div>\n\t\t\t\t<\/div>\n\t\t\t\t<section class=\"elementor-section elementor-inner-section elementor-element elementor-element-5dac2cc0 elementor-section-boxed elementor-section-height-default elementor-section-height-default\" data-id=\"5dac2cc0\" data-element_type=\"section\" data-e-type=\"section\">\n\t\t\t\t\t\t<div class=\"elementor-container elementor-column-gap-no\">\n\t\t\t\t\t<div class=\"elementor-column elementor-col-50 elementor-inner-column elementor-element elementor-element-14e4884a jkit-sticky-element--enabled jkit-sticky-element-on--down jkit-sticky-position--sticky\" data-id=\"14e4884a\" data-element_type=\"column\" data-e-type=\"column\" data-settings=\"{&quot;background_background&quot;:&quot;classic&quot;,&quot;jkit_sticky_device&quot;:[&quot;desktop&quot;,&quot;tablet&quot;],&quot;jkit_sticky_top_position&quot;:{&quot;unit&quot;:&quot;px&quot;,&quot;size&quot;:0,&quot;sizes&quot;:[]}}\">\n\t\t\t<div class=\"elementor-widget-wrap elementor-element-populated\">\n\t\t\t\t\t\t<div class=\"elementor-element elementor-element-3c6013a7 elementor-widget elementor-widget-image\" data-id=\"3c6013a7\" data-element_type=\"widget\" data-e-type=\"widget\" data-widget_type=\"image.default\">\n\t\t\t\t<div class=\"elementor-widget-container\">\n\t\t\t\t\t\t\t\t\t\t\t\t\t\t\t<img fetchpriority=\"high\" decoding=\"async\" width=\"456\" height=\"456\" src=\"https:\/\/carmevelez.com\/wp-content\/uploads\/2025\/08\/cv-img-logo-pn-01.jpg\" class=\"attachment-large size-large wp-image-2287\" alt=\"\" srcset=\"https:\/\/carmevelez.com\/wp-content\/uploads\/2025\/08\/cv-img-logo-pn-01.jpg 456w, https:\/\/carmevelez.com\/wp-content\/uploads\/2025\/08\/cv-img-logo-pn-01-300x300.jpg 300w, https:\/\/carmevelez.com\/wp-content\/uploads\/2025\/08\/cv-img-logo-pn-01-150x150.jpg 150w\" sizes=\"(max-width: 456px) 100vw, 456px\" \/>\t\t\t\t\t\t\t\t\t\t\t\t\t\t\t<\/div>\n\t\t\t\t<\/div>\n\t\t\t\t<div class=\"elementor-element elementor-element-ec6d24a elementor-widget elementor-widget-heading\" data-id=\"ec6d24a\" data-element_type=\"widget\" data-e-type=\"widget\" data-widget_type=\"heading.default\">\n\t\t\t\t<div class=\"elementor-widget-container\">\n\t\t\t\t\t<h2 class=\"elementor-heading-title elementor-size-default\">Parque Natural de la Zona Volc\u00e1nica de la Garrotxa<\/h2>\t\t\t\t<\/div>\n\t\t\t\t<\/div>\n\t\t\t\t<div class=\"elementor-element elementor-element-a8a2fa3 elementor-widget elementor-widget-text-editor\" data-id=\"a8a2fa3\" data-element_type=\"widget\" data-e-type=\"widget\" data-widget_type=\"text-editor.default\">\n\t\t\t\t<div class=\"elementor-widget-container\">\n\t\t\t\t\t\t\t\t\t<p>Catalu\u00f1a<\/p>\t\t\t\t\t\t\t\t<\/div>\n\t\t\t\t<\/div>\n\t\t\t\t<div class=\"elementor-element elementor-element-40802210 elementor-widget-divider--view-line elementor-widget elementor-widget-divider\" data-id=\"40802210\" data-element_type=\"widget\" data-e-type=\"widget\" data-widget_type=\"divider.default\">\n\t\t\t\t<div class=\"elementor-widget-container\">\n\t\t\t\t\t\t\t<div class=\"elementor-divider\">\n\t\t\t<span class=\"elementor-divider-separator\">\n\t\t\t\t\t\t<\/span>\n\t\t<\/div>\n\t\t\t\t\t\t<\/div>\n\t\t\t\t<\/div>\n\t\t<div class=\"elementor-element elementor-element-b16f189 e-flex e-con-boxed e-con e-parent\" data-id=\"b16f189\" data-element_type=\"container\" data-e-type=\"container\">\n\t\t\t\t\t<div class=\"e-con-inner\">\n\t\t<div class=\"elementor-element elementor-element-e407f7a e-con-full e-flex e-con e-child\" data-id=\"e407f7a\" data-element_type=\"container\" data-e-type=\"container\">\n\t\t\t\t<div class=\"elementor-element elementor-element-abe38bf elementor-widget__width-initial elementor-widget elementor-widget-text-editor\" data-id=\"abe38bf\" data-element_type=\"widget\" data-e-type=\"widget\" data-widget_type=\"text-editor.default\">\n\t\t\t\t<div class=\"elementor-widget-container\">\n\t\t\t\t\t\t\t\t\t<p>Organismos p\u00fablicos implicados<\/p>\t\t\t\t\t\t\t\t<\/div>\n\t\t\t\t<\/div>\n\t\t\t\t<div class=\"elementor-element elementor-element-b988bbe elementor-widget elementor-widget-text-editor\" data-id=\"b988bbe\" data-element_type=\"widget\" data-e-type=\"widget\" data-widget_type=\"text-editor.default\">\n\t\t\t\t<div class=\"elementor-widget-container\">\n\t\t\t\t\t\t\t\t\t<p>+30<\/p>\t\t\t\t\t\t\t\t<\/div>\n\t\t\t\t<\/div>\n\t\t\t\t<\/div>\n\t\t<div class=\"elementor-element elementor-element-7a16c2d e-con-full e-flex e-con e-child\" data-id=\"7a16c2d\" data-element_type=\"container\" data-e-type=\"container\">\n\t\t\t\t<div class=\"elementor-element elementor-element-f6b6e06 elementor-widget__width-initial elementor-widget elementor-widget-text-editor\" data-id=\"f6b6e06\" data-element_type=\"widget\" data-e-type=\"widget\" data-widget_type=\"text-editor.default\">\n\t\t\t\t<div class=\"elementor-widget-container\">\n\t\t\t\t\t\t\t\t\tEmpresas adheridas\t\t\t\t\t\t\t\t<\/div>\n\t\t\t\t<\/div>\n\t\t\t\t<div class=\"elementor-element elementor-element-a9bd0e4 elementor-widget elementor-widget-text-editor\" data-id=\"a9bd0e4\" data-element_type=\"widget\" data-e-type=\"widget\" data-widget_type=\"text-editor.default\">\n\t\t\t\t<div class=\"elementor-widget-container\">\n\t\t\t\t\t\t\t\t\t<p>+40<\/p>\t\t\t\t\t\t\t\t<\/div>\n\t\t\t\t<\/div>\n\t\t\t\t<\/div>\n\t\t\t\t\t<\/div>\n\t\t\t\t<\/div>\n\t\t\t\t\t<\/div>\n\t\t<\/div>\n\t\t\t\t<div class=\"elementor-column elementor-col-50 elementor-inner-column elementor-element elementor-element-29529140\" data-id=\"29529140\" data-element_type=\"column\" data-e-type=\"column\">\n\t\t\t<div class=\"elementor-widget-wrap elementor-element-populated\">\n\t\t\t\t\t\t<div class=\"elementor-element elementor-element-49f7db02 elementor-widget elementor-widget-heading\" data-id=\"49f7db02\" data-element_type=\"widget\" data-e-type=\"widget\" data-widget_type=\"heading.default\">\n\t\t\t\t<div class=\"elementor-widget-container\">\n\t\t\t\t\t<h2 class=\"elementor-heading-title elementor-size-default\">Punto de partida<\/h2>\t\t\t\t<\/div>\n\t\t\t\t<\/div>\n\t\t\t\t<div class=\"elementor-element elementor-element-6549e6b8 elementor-widget elementor-widget-text-editor\" data-id=\"6549e6b8\" data-element_type=\"widget\" data-e-type=\"widget\" data-widget_type=\"text-editor.default\">\n\t\t\t\t<div class=\"elementor-widget-container\">\n\t\t\t\t\t\t\t\t\t<p><span style=\"font-weight: 400;\">La Carta Europea de Turismo Sostenible es una metodolog\u00eda de trabajo, impulsada por la Federaci\u00f3n Europarc, con el objetivo de desarrollar un turismo compatible con la conservaci\u00f3n en Espacios Naturales Protegidos. El Parque Natural de la Zona volc\u00e1nica de la Garrotxa fue un territorio pionero a nivel europeo en la implementaci\u00f3n de los principios CETS. Desde 2020 apoyo al Parque, y a los agentes implicados, en el desarrollo de la estrategia y el plan de acci\u00f3n. <\/span><\/p>\t\t\t\t\t\t\t\t<\/div>\n\t\t\t\t<\/div>\n\t\t\t\t<section class=\"elementor-section elementor-inner-section elementor-element elementor-element-a564985 elementor-section-boxed elementor-section-height-default elementor-section-height-default\" data-id=\"a564985\" data-element_type=\"section\" data-e-type=\"section\">\n\t\t\t\t\t\t<div class=\"elementor-container elementor-column-gap-no\">\n\t\t\t\t\t<div class=\"elementor-column elementor-col-100 elementor-inner-column elementor-element elementor-element-6ddc8d63\" data-id=\"6ddc8d63\" data-element_type=\"column\" data-e-type=\"column\">\n\t\t\t<div class=\"elementor-widget-wrap elementor-element-populated\">\n\t\t\t\t\t\t<div class=\"elementor-element elementor-element-53c4180c elementor-widget elementor-widget-heading\" data-id=\"53c4180c\" data-element_type=\"widget\" data-e-type=\"widget\" data-widget_type=\"heading.default\">\n\t\t\t\t<div class=\"elementor-widget-container\">\n\t\t\t\t\t<h1 class=\"elementor-heading-title elementor-size-default\">Acciones<\/h1>\t\t\t\t<\/div>\n\t\t\t\t<\/div>\n\t\t\t\t<div class=\"elementor-element elementor-element-cd0b208 elementor-widget elementor-widget-text-editor\" data-id=\"cd0b208\" data-element_type=\"widget\" data-e-type=\"widget\" data-widget_type=\"text-editor.default\">\n\t\t\t\t<div class=\"elementor-widget-container\">\n\t\t\t\t\t\t\t\t\t<ol><li style=\"font-weight: 400;\" aria-level=\"1\"><span style=\"font-weight: 400;\">Dise\u00f1o del proceso participativo, identificaci\u00f3n de los agentes clave y dinamizaci\u00f3n de las sesiones de trabajo para la redacci\u00f3n y posterior implementaci\u00f3n de la Estrategia y Plan de Acci\u00f3n de turismo sostenible. Periodos 2021-2025.<\/span><\/li><li style=\"font-weight: 400;\" aria-level=\"1\"><span style=\"font-weight: 400;\">Apoyo en la implementaci\u00f3n del plan de acci\u00f3n, gesti\u00f3n de las reuniones, seguimiento de los acuerdos tomados, redacci\u00f3n de documentaci\u00f3n y soporte a los agentes implicados.<\/span><\/li><li style=\"font-weight: 400;\" aria-level=\"1\"><span style=\"font-weight: 400;\">Acompa\u00f1amiento y soporte t\u00e9cnico a los agentes implicados para alinear la gesti\u00f3n del organismo, el producto y la comunicaci\u00f3n con los principios de la sostenibilidad.  <\/span><\/li><li style=\"font-weight: 400;\" aria-level=\"1\"><span style=\"font-weight: 400;\">Seguimiento y m\u00e9trica de los resultados para avanzar hacia la mejora continua.  <\/span><\/li><\/ol>\t\t\t\t\t\t\t\t<\/div>\n\t\t\t\t<\/div>\n\t\t\t\t\t<\/div>\n\t\t<\/div>\n\t\t\t\t\t<\/div>\n\t\t<\/section>\n\t\t\t\t<div class=\"elementor-element elementor-element-78d00519 elementor-widget elementor-widget-heading\" data-id=\"78d00519\" data-element_type=\"widget\" data-e-type=\"widget\" data-widget_type=\"heading.default\">\n\t\t\t\t<div class=\"elementor-widget-container\">\n\t\t\t\t\t<h2 class=\"elementor-heading-title elementor-size-default\">Resultados<\/h2>\t\t\t\t<\/div>\n\t\t\t\t<\/div>\n\t\t\t\t<div class=\"elementor-element elementor-element-7fe5523d elementor-widget elementor-widget-text-editor\" data-id=\"7fe5523d\" data-element_type=\"widget\" data-e-type=\"widget\" data-widget_type=\"text-editor.default\">\n\t\t\t\t<div class=\"elementor-widget-container\">\n\t\t\t\t\t\t\t\t\t<p><span style=\"font-weight: 400;\">La estrategia m\u00e1s disruptiva que ha tenido hasta ahora. Basada en 8 objetivos prioritarios y unos resultados clave, busca la rentabilidad de la inversi\u00f3n a partir de la consecuci\u00f3n de unos hitos predefinidos, en un programa de actuaci\u00f3n flexible y abierto a cambios en funci\u00f3n de la evoluci\u00f3n de la situaci\u00f3n y la consecuci\u00f3n de los hitos marcados. \u00c1mbitos de actuaci\u00f3n: gobernanza, conservaci\u00f3n, movilidad, poblaci\u00f3n local, comunicaci\u00f3n, promoci\u00f3n y salud.<\/span><\/p>\t\t\t\t\t\t\t\t<\/div>\n\t\t\t\t<\/div>\n\t\t\t\t<div class=\"elementor-element elementor-element-703294b8 elementor-widget elementor-widget-text-editor\" data-id=\"703294b8\" data-element_type=\"widget\" data-e-type=\"widget\" data-widget_type=\"text-editor.default\">\n\t\t\t\t<div class=\"elementor-widget-container\">\n\t\t\t\t\t\t\t\t\t<p><span style=\"font-weight: 400;\">Foto de cabecera: Carlos Luna (CC BY-SA 2.0).<br><\/span><span style=\"font-weight: 400;\">Fotograf\u00eda en c\u00edrculo: \u00a9 Juli Perez.<\/span><\/p>\t\t\t\t\t\t\t\t<\/div>\n\t\t\t\t<\/div>\n\t\t\t\t\t<\/div>\n\t\t<\/div>\n\t\t\t\t\t<\/div>\n\t\t<\/section>\n\t\t\t\t\t<\/div>\n\t\t<\/div>\n\t\t\t\t\t<\/div>\n\t\t<\/section>\n\t\t\t\t<\/div>\n\t\t","protected":false},"excerpt":{"rendered":"<p>La Carta Europea de Turismo Sostenible es una metodolog\u00eda de trabajo, impulsada por la Federaci\u00f3n Europarc, con el objetivo de desarrollar un turismo compatible con la conservaci\u00f3n en Espacios Naturales Protegidos.<\/p>\n","protected":false},"author":3,"featured_media":1600,"comment_status":"closed","ping_status":"open","sticky":false,"template":"","format":"standard","meta":{"footnotes":""},"categories":[29,37],"tags":[38],"class_list":["post-1473","post","type-post","status-publish","format-standard","has-post-thumbnail","hentry","category-destinos","category-espacios-naturales-protegidos","tag-parque-natural-de-la-zona-volcanica-de-la-garrotxa"],"yoast_head":"<!-- This site is optimized with the Yoast SEO plugin v27.4 - https:\/\/yoast.com\/product\/yoast-seo-wordpress\/ -->\n<title>Estrategia de Turismo Sostenible CETS en el Parque Natural de la Zona Volc\u00e1nica de la Garrotxa - Carme Velez<\/title>\n<meta name=\"robots\" content=\"index, follow, max-snippet:-1, max-image-preview:large, max-video-preview:-1\" \/>\n<link rel=\"canonical\" href=\"https:\/\/carmevelez.com\/es\/estrategia-de-turismo-sostenible-cets-en-el-parque-natural-de-la-zona-volcanica-de-la-garrotxa\/\" \/>\n<meta property=\"og:locale\" content=\"es_ES\" \/>\n<meta property=\"og:type\" content=\"article\" \/>\n<meta property=\"og:title\" content=\"Estrategia de Turismo Sostenible CETS en el Parque Natural de la Zona Volc\u00e1nica de la Garrotxa - Carme Velez\" \/>\n<meta property=\"og:description\" content=\"La Carta Europea de Turismo Sostenible es una metodolog\u00eda de trabajo, impulsada por la Federaci\u00f3n Europarc, con el objetivo de desarrollar un turismo compatible con la conservaci\u00f3n en Espacios Naturales Protegidos.\" \/>\n<meta property=\"og:url\" content=\"https:\/\/carmevelez.com\/es\/estrategia-de-turismo-sostenible-cets-en-el-parque-natural-de-la-zona-volcanica-de-la-garrotxa\/\" \/>\n<meta property=\"og:site_name\" content=\"Carme Velez\" \/>\n<meta property=\"article:published_time\" content=\"2025-01-20T23:24:03+00:00\" \/>\n<meta property=\"article:modified_time\" content=\"2025-08-07T10:06:03+00:00\" \/>\n<meta property=\"og:image\" content=\"https:\/\/carmevelez.com\/wp-content\/uploads\/2025\/02\/cv-img-header-projecte-2-pnzvg-02.jpg\" \/>\n\t<meta property=\"og:image:width\" content=\"1920\" \/>\n\t<meta property=\"og:image:height\" content=\"1282\" \/>\n\t<meta property=\"og:image:type\" content=\"image\/jpeg\" \/>\n<meta name=\"author\" content=\"dani\" \/>\n<meta name=\"twitter:card\" content=\"summary_large_image\" \/>\n<meta name=\"twitter:label1\" content=\"Escrito por\" \/>\n\t<meta name=\"twitter:data1\" content=\"dani\" \/>\n\t<meta name=\"twitter:label2\" content=\"Tiempo de lectura\" \/>\n\t<meta name=\"twitter:data2\" content=\"2 minutos\" \/>\n<script type=\"application\/ld+json\" class=\"yoast-schema-graph\">{\"@context\":\"https:\\\/\\\/schema.org\",\"@graph\":[{\"@type\":\"Article\",\"@id\":\"https:\\\/\\\/carmevelez.com\\\/es\\\/estrategia-de-turismo-sostenible-cets-en-el-parque-natural-de-la-zona-volcanica-de-la-garrotxa\\\/#article\",\"isPartOf\":{\"@id\":\"https:\\\/\\\/carmevelez.com\\\/es\\\/estrategia-de-turismo-sostenible-cets-en-el-parque-natural-de-la-zona-volcanica-de-la-garrotxa\\\/\"},\"author\":{\"name\":\"dani\",\"@id\":\"https:\\\/\\\/carmevelez.com\\\/es\\\/#\\\/schema\\\/person\\\/40fbfdf4a6250c1fb8b46b52c001b0eb\"},\"headline\":\"Estrategia de Turismo Sostenible CETS en el Parque Natural de la Zona Volc\u00e1nica de la Garrotxa\",\"datePublished\":\"2025-01-20T23:24:03+00:00\",\"dateModified\":\"2025-08-07T10:06:03+00:00\",\"mainEntityOfPage\":{\"@id\":\"https:\\\/\\\/carmevelez.com\\\/es\\\/estrategia-de-turismo-sostenible-cets-en-el-parque-natural-de-la-zona-volcanica-de-la-garrotxa\\\/\"},\"wordCount\":347,\"image\":{\"@id\":\"https:\\\/\\\/carmevelez.com\\\/es\\\/estrategia-de-turismo-sostenible-cets-en-el-parque-natural-de-la-zona-volcanica-de-la-garrotxa\\\/#primaryimage\"},\"thumbnailUrl\":\"https:\\\/\\\/carmevelez.com\\\/wp-content\\\/uploads\\\/2025\\\/02\\\/cv-img-header-projecte-2-pnzvg-02.jpg\",\"keywords\":[\"Parque Natural de la Zona Volc\u00e1nica de la Garrotxa\"],\"articleSection\":[\"Destinos\",\"Espacios naturales protegidos\"],\"inLanguage\":\"es\"},{\"@type\":\"WebPage\",\"@id\":\"https:\\\/\\\/carmevelez.com\\\/es\\\/estrategia-de-turismo-sostenible-cets-en-el-parque-natural-de-la-zona-volcanica-de-la-garrotxa\\\/\",\"url\":\"https:\\\/\\\/carmevelez.com\\\/es\\\/estrategia-de-turismo-sostenible-cets-en-el-parque-natural-de-la-zona-volcanica-de-la-garrotxa\\\/\",\"name\":\"Estrategia de Turismo Sostenible CETS en el Parque Natural de la Zona Volc\u00e1nica de la Garrotxa - Carme Velez\",\"isPartOf\":{\"@id\":\"https:\\\/\\\/carmevelez.com\\\/es\\\/#website\"},\"primaryImageOfPage\":{\"@id\":\"https:\\\/\\\/carmevelez.com\\\/es\\\/estrategia-de-turismo-sostenible-cets-en-el-parque-natural-de-la-zona-volcanica-de-la-garrotxa\\\/#primaryimage\"},\"image\":{\"@id\":\"https:\\\/\\\/carmevelez.com\\\/es\\\/estrategia-de-turismo-sostenible-cets-en-el-parque-natural-de-la-zona-volcanica-de-la-garrotxa\\\/#primaryimage\"},\"thumbnailUrl\":\"https:\\\/\\\/carmevelez.com\\\/wp-content\\\/uploads\\\/2025\\\/02\\\/cv-img-header-projecte-2-pnzvg-02.jpg\",\"datePublished\":\"2025-01-20T23:24:03+00:00\",\"dateModified\":\"2025-08-07T10:06:03+00:00\",\"author\":{\"@id\":\"https:\\\/\\\/carmevelez.com\\\/es\\\/#\\\/schema\\\/person\\\/40fbfdf4a6250c1fb8b46b52c001b0eb\"},\"breadcrumb\":{\"@id\":\"https:\\\/\\\/carmevelez.com\\\/es\\\/estrategia-de-turismo-sostenible-cets-en-el-parque-natural-de-la-zona-volcanica-de-la-garrotxa\\\/#breadcrumb\"},\"inLanguage\":\"es\",\"potentialAction\":[{\"@type\":\"ReadAction\",\"target\":[\"https:\\\/\\\/carmevelez.com\\\/es\\\/estrategia-de-turismo-sostenible-cets-en-el-parque-natural-de-la-zona-volcanica-de-la-garrotxa\\\/\"]}]},{\"@type\":\"ImageObject\",\"inLanguage\":\"es\",\"@id\":\"https:\\\/\\\/carmevelez.com\\\/es\\\/estrategia-de-turismo-sostenible-cets-en-el-parque-natural-de-la-zona-volcanica-de-la-garrotxa\\\/#primaryimage\",\"url\":\"https:\\\/\\\/carmevelez.com\\\/wp-content\\\/uploads\\\/2025\\\/02\\\/cv-img-header-projecte-2-pnzvg-02.jpg\",\"contentUrl\":\"https:\\\/\\\/carmevelez.com\\\/wp-content\\\/uploads\\\/2025\\\/02\\\/cv-img-header-projecte-2-pnzvg-02.jpg\",\"width\":1920,\"height\":1282},{\"@type\":\"BreadcrumbList\",\"@id\":\"https:\\\/\\\/carmevelez.com\\\/es\\\/estrategia-de-turismo-sostenible-cets-en-el-parque-natural-de-la-zona-volcanica-de-la-garrotxa\\\/#breadcrumb\",\"itemListElement\":[{\"@type\":\"ListItem\",\"position\":1,\"name\":\"Inici\",\"item\":\"https:\\\/\\\/carmevelez.com\\\/es\\\/\"},{\"@type\":\"ListItem\",\"position\":2,\"name\":\"Estrategia de Turismo Sostenible CETS en el Parque Natural de la Zona Volc\u00e1nica de la Garrotxa\"}]},{\"@type\":\"WebSite\",\"@id\":\"https:\\\/\\\/carmevelez.com\\\/es\\\/#website\",\"url\":\"https:\\\/\\\/carmevelez.com\\\/es\\\/\",\"name\":\"Carme Velez\",\"description\":\"\",\"potentialAction\":[{\"@type\":\"SearchAction\",\"target\":{\"@type\":\"EntryPoint\",\"urlTemplate\":\"https:\\\/\\\/carmevelez.com\\\/es\\\/?s={search_term_string}\"},\"query-input\":{\"@type\":\"PropertyValueSpecification\",\"valueRequired\":true,\"valueName\":\"search_term_string\"}}],\"inLanguage\":\"es\"},{\"@type\":\"Person\",\"@id\":\"https:\\\/\\\/carmevelez.com\\\/es\\\/#\\\/schema\\\/person\\\/40fbfdf4a6250c1fb8b46b52c001b0eb\",\"name\":\"dani\",\"image\":{\"@type\":\"ImageObject\",\"inLanguage\":\"es\",\"@id\":\"https:\\\/\\\/secure.gravatar.com\\\/avatar\\\/753ceb1cc341e710adbcb76a8627f7e8b6c2938006f1f044ba4acbb13bce4912?s=96&d=mm&r=g\",\"url\":\"https:\\\/\\\/secure.gravatar.com\\\/avatar\\\/753ceb1cc341e710adbcb76a8627f7e8b6c2938006f1f044ba4acbb13bce4912?s=96&d=mm&r=g\",\"contentUrl\":\"https:\\\/\\\/secure.gravatar.com\\\/avatar\\\/753ceb1cc341e710adbcb76a8627f7e8b6c2938006f1f044ba4acbb13bce4912?s=96&d=mm&r=g\",\"caption\":\"dani\"},\"url\":\"https:\\\/\\\/carmevelez.com\\\/es\\\/author\\\/dani\\\/\"}]}<\/script>\n<!-- \/ Yoast SEO plugin. -->","yoast_head_json":{"title":"Estrategia de Turismo Sostenible CETS en el Parque Natural de la Zona Volc\u00e1nica de la Garrotxa - Carme Velez","robots":{"index":"index","follow":"follow","max-snippet":"max-snippet:-1","max-image-preview":"max-image-preview:large","max-video-preview":"max-video-preview:-1"},"canonical":"https:\/\/carmevelez.com\/es\/estrategia-de-turismo-sostenible-cets-en-el-parque-natural-de-la-zona-volcanica-de-la-garrotxa\/","og_locale":"es_ES","og_type":"article","og_title":"Estrategia de Turismo Sostenible CETS en el Parque Natural de la Zona Volc\u00e1nica de la Garrotxa - Carme Velez","og_description":"La Carta Europea de Turismo Sostenible es una metodolog\u00eda de trabajo, impulsada por la Federaci\u00f3n Europarc, con el objetivo de desarrollar un turismo compatible con la conservaci\u00f3n en Espacios Naturales Protegidos.","og_url":"https:\/\/carmevelez.com\/es\/estrategia-de-turismo-sostenible-cets-en-el-parque-natural-de-la-zona-volcanica-de-la-garrotxa\/","og_site_name":"Carme Velez","article_published_time":"2025-01-20T23:24:03+00:00","article_modified_time":"2025-08-07T10:06:03+00:00","og_image":[{"width":1920,"height":1282,"url":"https:\/\/carmevelez.com\/wp-content\/uploads\/2025\/02\/cv-img-header-projecte-2-pnzvg-02.jpg","type":"image\/jpeg"}],"author":"dani","twitter_card":"summary_large_image","twitter_misc":{"Escrito por":"dani","Tiempo de lectura":"2 minutos"},"schema":{"@context":"https:\/\/schema.org","@graph":[{"@type":"Article","@id":"https:\/\/carmevelez.com\/es\/estrategia-de-turismo-sostenible-cets-en-el-parque-natural-de-la-zona-volcanica-de-la-garrotxa\/#article","isPartOf":{"@id":"https:\/\/carmevelez.com\/es\/estrategia-de-turismo-sostenible-cets-en-el-parque-natural-de-la-zona-volcanica-de-la-garrotxa\/"},"author":{"name":"dani","@id":"https:\/\/carmevelez.com\/es\/#\/schema\/person\/40fbfdf4a6250c1fb8b46b52c001b0eb"},"headline":"Estrategia de Turismo Sostenible CETS en el Parque Natural de la Zona Volc\u00e1nica de la Garrotxa","datePublished":"2025-01-20T23:24:03+00:00","dateModified":"2025-08-07T10:06:03+00:00","mainEntityOfPage":{"@id":"https:\/\/carmevelez.com\/es\/estrategia-de-turismo-sostenible-cets-en-el-parque-natural-de-la-zona-volcanica-de-la-garrotxa\/"},"wordCount":347,"image":{"@id":"https:\/\/carmevelez.com\/es\/estrategia-de-turismo-sostenible-cets-en-el-parque-natural-de-la-zona-volcanica-de-la-garrotxa\/#primaryimage"},"thumbnailUrl":"https:\/\/carmevelez.com\/wp-content\/uploads\/2025\/02\/cv-img-header-projecte-2-pnzvg-02.jpg","keywords":["Parque Natural de la Zona Volc\u00e1nica de la Garrotxa"],"articleSection":["Destinos","Espacios naturales protegidos"],"inLanguage":"es"},{"@type":"WebPage","@id":"https:\/\/carmevelez.com\/es\/estrategia-de-turismo-sostenible-cets-en-el-parque-natural-de-la-zona-volcanica-de-la-garrotxa\/","url":"https:\/\/carmevelez.com\/es\/estrategia-de-turismo-sostenible-cets-en-el-parque-natural-de-la-zona-volcanica-de-la-garrotxa\/","name":"Estrategia de Turismo Sostenible CETS en el Parque Natural de la Zona Volc\u00e1nica de la Garrotxa - Carme Velez","isPartOf":{"@id":"https:\/\/carmevelez.com\/es\/#website"},"primaryImageOfPage":{"@id":"https:\/\/carmevelez.com\/es\/estrategia-de-turismo-sostenible-cets-en-el-parque-natural-de-la-zona-volcanica-de-la-garrotxa\/#primaryimage"},"image":{"@id":"https:\/\/carmevelez.com\/es\/estrategia-de-turismo-sostenible-cets-en-el-parque-natural-de-la-zona-volcanica-de-la-garrotxa\/#primaryimage"},"thumbnailUrl":"https:\/\/carmevelez.com\/wp-content\/uploads\/2025\/02\/cv-img-header-projecte-2-pnzvg-02.jpg","datePublished":"2025-01-20T23:24:03+00:00","dateModified":"2025-08-07T10:06:03+00:00","author":{"@id":"https:\/\/carmevelez.com\/es\/#\/schema\/person\/40fbfdf4a6250c1fb8b46b52c001b0eb"},"breadcrumb":{"@id":"https:\/\/carmevelez.com\/es\/estrategia-de-turismo-sostenible-cets-en-el-parque-natural-de-la-zona-volcanica-de-la-garrotxa\/#breadcrumb"},"inLanguage":"es","potentialAction":[{"@type":"ReadAction","target":["https:\/\/carmevelez.com\/es\/estrategia-de-turismo-sostenible-cets-en-el-parque-natural-de-la-zona-volcanica-de-la-garrotxa\/"]}]},{"@type":"ImageObject","inLanguage":"es","@id":"https:\/\/carmevelez.com\/es\/estrategia-de-turismo-sostenible-cets-en-el-parque-natural-de-la-zona-volcanica-de-la-garrotxa\/#primaryimage","url":"https:\/\/carmevelez.com\/wp-content\/uploads\/2025\/02\/cv-img-header-projecte-2-pnzvg-02.jpg","contentUrl":"https:\/\/carmevelez.com\/wp-content\/uploads\/2025\/02\/cv-img-header-projecte-2-pnzvg-02.jpg","width":1920,"height":1282},{"@type":"BreadcrumbList","@id":"https:\/\/carmevelez.com\/es\/estrategia-de-turismo-sostenible-cets-en-el-parque-natural-de-la-zona-volcanica-de-la-garrotxa\/#breadcrumb","itemListElement":[{"@type":"ListItem","position":1,"name":"Inici","item":"https:\/\/carmevelez.com\/es\/"},{"@type":"ListItem","position":2,"name":"Estrategia de Turismo Sostenible CETS en el Parque Natural de la Zona Volc\u00e1nica de la Garrotxa"}]},{"@type":"WebSite","@id":"https:\/\/carmevelez.com\/es\/#website","url":"https:\/\/carmevelez.com\/es\/","name":"Carme Velez","description":"","potentialAction":[{"@type":"SearchAction","target":{"@type":"EntryPoint","urlTemplate":"https:\/\/carmevelez.com\/es\/?s={search_term_string}"},"query-input":{"@type":"PropertyValueSpecification","valueRequired":true,"valueName":"search_term_string"}}],"inLanguage":"es"},{"@type":"Person","@id":"https:\/\/carmevelez.com\/es\/#\/schema\/person\/40fbfdf4a6250c1fb8b46b52c001b0eb","name":"dani","image":{"@type":"ImageObject","inLanguage":"es","@id":"https:\/\/secure.gravatar.com\/avatar\/753ceb1cc341e710adbcb76a8627f7e8b6c2938006f1f044ba4acbb13bce4912?s=96&d=mm&r=g","url":"https:\/\/secure.gravatar.com\/avatar\/753ceb1cc341e710adbcb76a8627f7e8b6c2938006f1f044ba4acbb13bce4912?s=96&d=mm&r=g","contentUrl":"https:\/\/secure.gravatar.com\/avatar\/753ceb1cc341e710adbcb76a8627f7e8b6c2938006f1f044ba4acbb13bce4912?s=96&d=mm&r=g","caption":"dani"},"url":"https:\/\/carmevelez.com\/es\/author\/dani\/"}]}},"_links":{"self":[{"href":"https:\/\/carmevelez.com\/es\/wp-json\/wp\/v2\/posts\/1473","targetHints":{"allow":["GET"]}}],"collection":[{"href":"https:\/\/carmevelez.com\/es\/wp-json\/wp\/v2\/posts"}],"about":[{"href":"https:\/\/carmevelez.com\/es\/wp-json\/wp\/v2\/types\/post"}],"author":[{"embeddable":true,"href":"https:\/\/carmevelez.com\/es\/wp-json\/wp\/v2\/users\/3"}],"replies":[{"embeddable":true,"href":"https:\/\/carmevelez.com\/es\/wp-json\/wp\/v2\/comments?post=1473"}],"version-history":[{"count":6,"href":"https:\/\/carmevelez.com\/es\/wp-json\/wp\/v2\/posts\/1473\/revisions"}],"predecessor-version":[{"id":2308,"href":"https:\/\/carmevelez.com\/es\/wp-json\/wp\/v2\/posts\/1473\/revisions\/2308"}],"wp:featuredmedia":[{"embeddable":true,"href":"https:\/\/carmevelez.com\/es\/wp-json\/wp\/v2\/media\/1600"}],"wp:attachment":[{"href":"https:\/\/carmevelez.com\/es\/wp-json\/wp\/v2\/media?parent=1473"}],"wp:term":[{"taxonomy":"category","embeddable":true,"href":"https:\/\/carmevelez.com\/es\/wp-json\/wp\/v2\/categories?post=1473"},{"taxonomy":"post_tag","embeddable":true,"href":"https:\/\/carmevelez.com\/es\/wp-json\/wp\/v2\/tags?post=1473"}],"curies":[{"name":"wp","href":"https:\/\/api.w.org\/{rel}","templated":true}]}}